{"id":1260,"date":"2009-02-18T23:06:45","date_gmt":"2009-02-18T22:06:45","guid":{"rendered":"http:\/\/www.latynoameryka.pl\/?p=1260"},"modified":"2009-02-18T23:06:45","modified_gmt":"2009-02-18T22:06:45","slug":"cordillera-de-los-frailes-i-mala-przygoda","status":"publish","type":"post","link":"https:\/\/www.wojtekwojcik.com\/en\/cordillera-de-los-frailes-i-mala-przygoda\/","title":{"rendered":"Cordillera De Los Frailes i ma\u0142a przygoda"},"content":{"rendered":"<p><img decoding=\"async\" class=\"alignnone size-medium wp-image-1261\" src=\"http:\/\/www.latynoameryka.pl\/wp-content\/uploads\/2009\/02\/logo-ediem-do-wpisu3.jpg\" alt=\"\" width=\"40\" height=\"22\" \/>Jeszcze nie wiem jak wygl\u0105da najbardziej niebezpieczna droga \u015bwiata, kt\u00f3ra \u0142\u0105czy La Paz z Coroico, ale t\u0119, kt\u00f3r\u0105 jechali\u015bmy wczorajszego popo\u0142udnia polecam wszystkim spragnionym mocnych wra\u017ce\u0144. Nasza droga \u0142\u0105czy\u0142a miejscowo\u015b\u0107 Potolo z Sucre.<br \/>\n\u015arodek transportu \u2013 wystarczy autobus, ale r\u00f3wnie popularna \u2013 zw\u0142aszcza w\u015br\u00f3d miejscowych jest ci\u0119\u017car\u00f3wka (tego te\u017c spr\u00f3bowali\u015bmy, ale po kolei). Miejsce \u2013 polecam przy oknie od strony przepa\u015bci lub na boku naczepy ci\u0119\u017car\u00f3wki r\u00f3wnie\u017c od strony przepa\u015bci. Pora roku \u2013 nie znam innych, ale ten czas tera\u017aniejszy my\u015bl\u0119, \u017ce jest odpowiedni &#8211; lej\u0105ca si\u0119 ze zboczy woda malowniczo podmywa i wymywa fragmenty drogi urozmaicaj\u0105c podr\u00f3\u017c.<\/p>\n<p><img fetchpriority=\"high\" decoding=\"async\" class=\"aligncenter size-full wp-image-1265\" src=\"http:\/\/www.latynoameryka.pl\/wp-content\/uploads\/2009\/02\/6851.jpg\" alt=\"\" width=\"700\" height=\"467\" srcset=\"https:\/\/www.wojtekwojcik.com\/wp-content\/uploads\/2009\/02\/6851.jpg 700w, https:\/\/www.wojtekwojcik.com\/wp-content\/uploads\/2009\/02\/6851-300x200.jpg 300w, https:\/\/www.wojtekwojcik.com\/wp-content\/uploads\/2009\/02\/6851-600x400.jpg 600w\" sizes=\"(max-width: 700px) 100vw, 700px\" \/><\/p>\n<p><!--more-->Dwa dni wcze\u015bniej wyjechali\u015bmy w ko\u0144cu z miasta, opu\u015bcili\u015bmy Sucre w taks\u00f3wce wytatuowanego taks\u00f3wkarza, lekko nie pewni swego losu, zw\u0142aszcza, \u017ce to taks\u00f3wkarz, \u017ce wytatuowany, \u017ce dzwoni\u0142 gdzie\u015b zaraz po przyj\u0119ciu naszego kursu i \u017ce po prostu jeste\u015bmy do taks\u00f3wek uprzedzeni (czytali\u015bmy jeszcze przed wyjazdem relacj\u0119 dw\u00f3jki Polak\u00f3w, kt\u00f3rych taka przeja\u017cd\u017cka  drogo kosztowa\u0142a). Sam kierowca okaza\u0142 si\u0119 ostatecznie nie tyle gro\u017any, co z lekko przekr\u0119conym licznikiem przez co nieco przep\u0142acili\u015bmy oraz zafundowali\u015bmy sobie wielokilometrowy spacerek pod g\u00f3r\u0119. Bo, gdy tak  zjechali\u015bmy z g\u0142\u00f3wnej drogi, kt\u00f3ra zgodnie z nasz\u0105 map\u0105 g\u0142\u00f3wn\u0105 by\u0107 powinna, gdy ju\u017c wiedzieli\u015bmy ze jeste\u015bmy na trasie, gdy nasz kierowca zabra\u0142 dw\u00f3ch autostopowicz\u00f3w \u2013 chyba, \u017ceby nas nastraszy\u0107, zacz\u0105\u0142 si\u0119 odcinek rob\u00f3t drogowych i samoch\u00f3d zacz\u0105\u0142 grz\u0119zn\u0105\u0107. Przejazd nie mo\u017cliwy, ale przecie\u017c do Chataquila, dok\u0105d mia\u0142 nas dowie\u017a\u0107 jest blisko, bliziutko wprost i prawie nie pod g\u00f3r\u0119. Przytakn\u0119li te\u017c obaj autostopowicze, zmieniaj\u0105c nieco swoje pierwsze zdanie kt\u00f3re brzmia\u0142o daleeeeko i pod g\u00f3r\u0119 \u2013 przypomnieli\u015bmy je sobie jednak dopiero pakuj\u0105c w policzek kolejn\u0105 porcj\u0119 li\u015bci koki, bo z bliziutko zrobi\u0142o si\u0119 5-6 km wci\u0105\u017c pod g\u00f3r\u0119, co na wysoko\u015bci prawie 3500 m npm by\u0142o bolesnym prze\u017cyciem.  Po raczej d\u0142u\u017cszym, ni\u017c kr\u00f3tszym czasie w\u015br\u00f3d wspania\u0142ych krajobraz\u00f3w, kt\u00f3re z uwagi na okoliczno\u015bci mijali\u015bmy bez wi\u0119kszej ekscytacji, z niepewnym entuzjazmem powitali\u015bmy znak na staro\u017cytna drog\u0119 Ink\u00f3w.<\/p>\n<p><img decoding=\"async\" class=\"aligncenter size-full wp-image-1266\" src=\"http:\/\/www.latynoameryka.pl\/wp-content\/uploads\/2009\/02\/680.jpg\" alt=\"\" width=\"700\" height=\"467\" srcset=\"https:\/\/www.wojtekwojcik.com\/wp-content\/uploads\/2009\/02\/680.jpg 700w, https:\/\/www.wojtekwojcik.com\/wp-content\/uploads\/2009\/02\/680-300x200.jpg 300w, https:\/\/www.wojtekwojcik.com\/wp-content\/uploads\/2009\/02\/680-600x400.jpg 600w\" sizes=\"(max-width: 700px) 100vw, 700px\" \/><\/p>\n<p>Prawd\u0105 jest co pisz\u0105 przewodniki \u2013 najlepiej wzi\u0105\u0107 przewodnika, trzeba mu oczywi\u015bcie zap\u0142aci\u0107, ale przez to mo\u017cna unikn\u0105\u0107 wysadzenia w \u015brodku drogi dojazdowej, znale\u017a\u0107 trzygodzinn\u0105 przyst\u0119pn\u0105 tras\u0119 do miejsca przeznaczenia, unikn\u0105\u0107 odkrycia siebie w miejscu nie istniej\u0105cym na mapie, gdy miejscowy wska\u017ce po\u0142o\u017cenie: \u201eooo\u2026 gdzie\u015b tu\u201d i w ko\u0144cu przykrego zawracania z drogi strasznie wp\u0142ywaj\u0105cego na stan zdrowia ambicji.<\/p>\n<p>Drog\u0119 Ink\u00f3w przebyli\u015bmy jednak bez problem\u00f3w. Ca\u0142y czas w d\u00f3\u0142 i w d\u00f3\u0142 a\u017c nogi milk\u0142y, ale pi\u0119kna to \u015bcie\u017cka, raz szersza raz w\u0119\u017csza u\u0142o\u017cona z blok\u00f3w skalnych lub kamieni, czasem prowadz\u0105ca schodkami w d\u00f3\u0142 lub w g\u00f3r\u0119. Kilometry malowniczej dr\u00f3\u017cki, kt\u00f3r\u0105 wybudowano, aby po\u0142\u0105czy\u0107 Chataquila z Chaunaka. Wko\u0142o za\u015b niesamowite krajobrazy. Tu\u017c obok czerwone strome zbocza w\u0105wozu poro\u015bni\u0119te soczy\u015bcie zielon\u0105 ro\u015blinno\u015bci\u0105, w dali wielokolorowe niczym pomalowane w pasy zbocza Cordillera de los Frailes i innych wzniesie\u0144 bli\u017cszych i dalszych. Obrazy wprost bajkowe, kt\u00f3re trzeba zobaczy\u0107, bo opowiedzie\u0107 si\u0119 nie da.<\/p>\n<p><img loading=\"lazy\" decoding=\"async\" class=\"aligncenter size-full wp-image-1270\" src=\"http:\/\/www.latynoameryka.pl\/wp-content\/uploads\/2009\/02\/687.jpg\" alt=\"\" width=\"700\" height=\"467\" srcset=\"https:\/\/www.wojtekwojcik.com\/wp-content\/uploads\/2009\/02\/687.jpg 700w, https:\/\/www.wojtekwojcik.com\/wp-content\/uploads\/2009\/02\/687-300x200.jpg 300w, https:\/\/www.wojtekwojcik.com\/wp-content\/uploads\/2009\/02\/687-600x400.jpg 600w\" sizes=\"(max-width: 700px) 100vw, 700px\" \/><\/p>\n<p>Chaunaka powita\u0142o nas cisz\u0105 i niemal ca\u0142kowitym wyludnieniem. Drog\u0119 do \u201ebiura turystycznego\u201d wskaza\u0142a nam stara Boliwijka, m\u00f3wi\u0105ca w Quechua, na szcz\u0119\u015bcie u\u017cywaj\u0105ca te\u017c gestykulacji. \u201eBiuro turystyczne\u201d r\u00f3wnie\u017c \u015bwieci\u0142o pustkami, jaka\u015b kobieta z balkonu obok powiedzia\u0142 \u017ceby\u015bmy weszli. Weszli\u015bmy wi\u0119c i czekali\u015bmy, nikogo i niczego si\u0119 jednak nie doczekali\u015bmy. Zn\u00f3w wi\u0119c na balkonie obok wychwycili\u015bmy kobiet\u0119 i okaza\u0142o si\u0119, \u017ce ona si\u0119 tym opiekuje i \u017ce tam si\u0119 \u015bpi i \u017ce za 8 bolivian\u00f3w ugotuje nam kolacj\u0119. Z uwagi na brak materaca w biurze donie\u015bli\u015bmy je z po\u0142o\u017conego obok szpitala, kolacja by\u0142a pyszna, zw\u0142aszcza, \u017ce ryz z jajkiem, ziemniakami i pomidorkiem powstawa\u0142 ponad trzy godziny, a spali\u015bmy jak niemowlaki, bo w tej ciszy i tym powietrzu to chyba nic dziwnego. Samo biuro za\u015b, tu my\u015bl\u0119 watro wspomnie\u0107, to by\u0142o chyba jedno z najciekawszych miejsc w jakich nocowali\u015bmy. Mieli\u015bmy do w\u0142asnej dyspozycji ca\u0142y domek, bo \u201ebiuro turystyczne\u201d by\u0142o w rzeczywisto\u015bci domkiem w tradycyjnej tutejszej zabudowie (glina, kamienie  i czasem jakie\u015b trawy) o grubych murach, bielonych \u015bcianach i dachu krytym bambusem, cz\u0119\u015b\u0107 kuchenna, za\u015b ca\u0142a murowana z glinianym paleniskiem zamyka\u0142a si\u0119 nad naszymi g\u0142owami w kszta\u0142t igloo. Do tego by\u0142a tam lod\u00f3wka, czajnik elektryczny i \u0142azienka z prysznicem \u2013 dla mnie pe\u0142en wypas.<\/p>\n<p><img loading=\"lazy\" decoding=\"async\" class=\"aligncenter size-full wp-image-1267\" src=\"http:\/\/www.latynoameryka.pl\/wp-content\/uploads\/2009\/02\/681.jpg\" alt=\"\" width=\"700\" height=\"467\" srcset=\"https:\/\/www.wojtekwojcik.com\/wp-content\/uploads\/2009\/02\/681.jpg 700w, https:\/\/www.wojtekwojcik.com\/wp-content\/uploads\/2009\/02\/681-300x200.jpg 300w, https:\/\/www.wojtekwojcik.com\/wp-content\/uploads\/2009\/02\/681-600x400.jpg 600w\" sizes=\"(max-width: 700px) 100vw, 700px\" \/><\/p>\n<p>Rano, po trudnych negocjacjach zwi\u0105zanych z p\u0142aceniem i rozmienianiem pieni\u0119dzy (we wsi \u017caden z dw\u00f3ch sklep\u00f3w nie mia\u0142 rozmieni\u0107 100 bolivian\u00f3w \u2013 tj. ok. 50 pln) ruszyli\u015bmy we wskazanym kierunku ku wulkanowi Maragua. Po 10 min przyjemnego schodzenia ostro w d\u00f3\u0142 zawr\u00f3cili\u015bmy i ju\u017c pod g\u00f3rk\u0119 poszli\u015bmy dopyta\u0107 szczeg\u00f3\u0142\u00f3w. Droga prowadzi\u0142a  wprost do szerokiej rw\u0105cej rzeki i zaczyna\u0142a si\u0119 na nast\u0119pnym brzegu. Przej\u015bcie niemo\u017cliwe o tej porze dnia, w og\u00f3le ostatnio sporo pada\u0142o, niemo\u017cliwe dzi\u015b i\u015b\u0107 do Maragua \u2013 dlaczego nie powiedzia\u0142a nam tego wcze\u015bniej? Szybka decyzja, d\u017awi\u0119k nadje\u017cd\u017caj\u0105cej ci\u0119\u017car\u00f3wki, pokraczny bieg z plecakami i ju\u017c byli\u015bmy w drodze do Potolo. Pierwszy kilometr na schodku ci\u0119\u017car\u00f3wki wypchanej ludzkim mrowiem, a dalej ju\u017c w \u015brodku. Przynajmniej ja w \u015brodku, w jakiej\u015b dziwnej pozycji, na g\u00f3rze sprawunk\u00f3w pijanej i ma\u0142o przychylnej gawiedzi, Wojtek na jednej z drewnianych \u015bcianek.<\/p>\n<p><img loading=\"lazy\" decoding=\"async\" class=\"aligncenter size-full wp-image-1268\" src=\"http:\/\/www.latynoameryka.pl\/wp-content\/uploads\/2009\/02\/683.jpg\" alt=\"\" width=\"700\" height=\"467\" srcset=\"https:\/\/www.wojtekwojcik.com\/wp-content\/uploads\/2009\/02\/683.jpg 700w, https:\/\/www.wojtekwojcik.com\/wp-content\/uploads\/2009\/02\/683-300x200.jpg 300w, https:\/\/www.wojtekwojcik.com\/wp-content\/uploads\/2009\/02\/683-600x400.jpg 600w\" sizes=\"(max-width: 700px) 100vw, 700px\" \/><\/p>\n<p>Dzi\u015b, gdy ju\u017c bezpiecznie siedz\u0119 prze komputerkiem i to pisz\u0119 ciesz\u0119 si\u0119, \u017ce widzia\u0142am tylko krajobrazy powy\u017cej naczepy ci\u0119\u017car\u00f3wki. Wracaj\u0105c mia\u0142am szerszy obraz sytuacji i przyprawi\u0142o mnie to o b\u00f3l brzucha.<br \/>\nW Potolo obrali\u015bmy kierunek na Ni\u0144u Maju i mi\u0119dzy domkami i poletkami, przez plantacyjki kukurydzy i \u0142\u0105czki z byczkami pow\u0119drowali\u015bmy. Godzina, dwie godziny marszu \u2013 widoki wspania\u0142e, zapieraj\u0105ce dech w piersiach, godne najszczerszego polecenia \u2013 spotkali\u015bmy cz\u0142owieka. Zapytali\u015bmy o drog\u0119. Us\u0142yszeli\u015bmy w\u00f3wczas, \u017ce jeste\u015bmy gdzie\u015b poza map\u0105, kt\u00f3r\u0105 mieli\u015bmy. My\u015bleli\u015bmy jeszcze o tym \u017ceby i\u015b\u0107 dalej, przespa\u0107 si\u0119 gdzie\u015b na dziko, rano poszuka\u0107 przewodnika i wulkanu. Ostatecznie jednak zawr\u00f3cili\u015bmy i siebie i  nasze ambicje, nieco si\u0119 usprawiedliwiali\u015bmy przed sob\u0105, niby jeszcze wypatrywali\u015bmy w\u0142a\u015bciwej drogi, ale po kolejnej godzince czy dw\u00f3ch zn\u00f3w byli\u015bmy w Potolo.<\/p>\n<p>Z\u0142apali\u015bmy ostatni autobus do Sucre i to dopiero by\u0142\u0105 przeja\u017cd\u017cka. Zachwyt miesza\u0142 si\u0119 z przera\u017ceniem. To by\u0142y widoki, jakich nigdy w \u017cyciu nie ogl\u0105da\u0142am. Jechali\u015bmy czerwono zielonym w\u0105wozem, kt\u00f3rego strome \u015bciany tworzy\u0142y niesamowite rysunki skalne, gdzie ro\u015blinno\u015b\u0107 bujnie chwyta\u0142a ka\u017cde miejsce, gdzie mo\u017cna by\u0142o zapu\u015bci\u0107 korzenie, w dole, daleko w dole burzy\u0142y si\u0119 wody rw\u0105cej rzeki, kt\u00f3ra zdawa\u0142a si\u0119 by\u0107 strumyczkiem, tu i tam pojawia\u0142y si\u0119 kamienne zabudowania ludzi Jalq\u2019a, a my jechali\u015bmy w\u0105sk\u0105 drog\u0105 na jednej ze \u015bcian w\u0105wozu, czasem wydawa\u0142o mi si\u0119, \u017ce za w\u0105sk\u0105. Niekiedy woda sp\u0142ywaj\u0105ca z g\u00f3ry zrywa\u0142a powierzchni\u0119 trasy  i autobus niebezpiecznie przechyla\u0142o w stron\u0119 przepa\u015bci, niekiedy, kto\u015b zatka\u0142 tak\u0105 dziur\u0119, w kt\u00f3rej wida\u0107 by\u0142o tylko przepa\u015b\u0107 kilkoma pniaczkami drewna, i autobus niebezpiecznie przechyla\u0142o w stron\u0119 przepa\u015bci, a niekiedy kierowca rozp\u0119dza\u0142 nas niesamowicie, gdy z boku by\u0142a tylko wielka, g\u0142\u0119boka przepa\u015b\u0107. Do tego dali\u015bmy si\u0119 w rozmowy z dzie\u0107mi, kt\u00f3re pocz\u0105tkowo odwr\u00f3ci\u0142a uwag\u0119 od przepa\u015bci, dziur w drodze i od wra\u017cenia bliskiego ko\u0144ca, a sko\u0144czy\u0142y si\u0119 na opowie\u015bciach pewnej ma\u0142ej dziewuszki o tym, ile\u017c to aut tu spad\u0142o, a ilu ludzi zgin\u0119\u0142o i jak bardzo jest niebezpiecznie.<\/p>\n<p>Dzi\u015b jednak siedzimy i piszemy, ja pisz\u0119 chyba jeszcze wi\u0119cej ni\u017c zwykle, wi\u0119c to tekst dla wytrwa\u0142ych. Co\u015b na podsumowanie:  Cordillera De Los Frailes, to jedno z najpi\u0119kniejszych miejsc jakie w \u017cyciu widzia\u0142am. Chcia\u0142abym tu jeszcze wr\u00f3ci\u0107.<\/p>\n<p><img loading=\"lazy\" decoding=\"async\" class=\"aligncenter size-full wp-image-1269\" src=\"http:\/\/www.latynoameryka.pl\/wp-content\/uploads\/2009\/02\/684.jpg\" alt=\"\" width=\"700\" height=\"467\" srcset=\"https:\/\/www.wojtekwojcik.com\/wp-content\/uploads\/2009\/02\/684.jpg 700w, https:\/\/www.wojtekwojcik.com\/wp-content\/uploads\/2009\/02\/684-300x200.jpg 300w, https:\/\/www.wojtekwojcik.com\/wp-content\/uploads\/2009\/02\/684-600x400.jpg 600w\" sizes=\"(max-width: 700px) 100vw, 700px\" \/><\/p>\n<p><img loading=\"lazy\" decoding=\"async\" class=\"aligncenter size-full wp-image-1271\" src=\"http:\/\/www.latynoameryka.pl\/wp-content\/uploads\/2009\/02\/686.jpg\" alt=\"\" width=\"700\" height=\"467\" srcset=\"https:\/\/www.wojtekwojcik.com\/wp-content\/uploads\/2009\/02\/686.jpg 700w, https:\/\/www.wojtekwojcik.com\/wp-content\/uploads\/2009\/02\/686-300x200.jpg 300w, https:\/\/www.wojtekwojcik.com\/wp-content\/uploads\/2009\/02\/686-600x400.jpg 600w\" sizes=\"(max-width: 700px) 100vw, 700px\" \/><\/p>\n<p><img loading=\"lazy\" decoding=\"async\" class=\"aligncenter size-full wp-image-1272\" src=\"http:\/\/www.latynoameryka.pl\/wp-content\/uploads\/2009\/02\/682.jpg\" alt=\"\" width=\"700\" height=\"467\" srcset=\"https:\/\/www.wojtekwojcik.com\/wp-content\/uploads\/2009\/02\/682.jpg 700w, https:\/\/www.wojtekwojcik.com\/wp-content\/uploads\/2009\/02\/682-300x200.jpg 300w, https:\/\/www.wojtekwojcik.com\/wp-content\/uploads\/2009\/02\/682-600x400.jpg 600w\" sizes=\"(max-width: 700px) 100vw, 700px\" \/><\/p>","protected":false},"excerpt":{"rendered":"<p>Jeszcze nie wiem jak wygl\u0105da najbardziej niebezpieczna droga \u015bwiata, kt\u00f3ra \u0142\u0105czy La Paz z Coroico, ale t\u0119, kt\u00f3r\u0105 jechali\u015bmy wczorajszego popo\u0142udnia polecam wszystkim spragnionym mocnych wra\u017ce\u0144. Nasza droga \u0142\u0105czy\u0142a miejscowo\u015b\u0107 Potolo z Sucre. \u015arodek transportu \u2013 wystarczy autobus, ale r\u00f3wnie popularna \u2013 zw\u0142aszcza w\u015br\u00f3d miejscowych jest ci\u0119\u017car\u00f3wka (tego te\u017c spr\u00f3bowali\u015bmy, ale po kolei). Miejsce \u2013 [&hellip;]<\/p>\n","protected":false},"author":1,"featured_media":0,"comment_status":"open","ping_status":"open","sticky":false,"template":"","format":"standard","meta":{"_monsterinsights_skip_tracking":false,"_monsterinsights_sitenote_active":false,"_monsterinsights_sitenote_note":"","_monsterinsights_sitenote_category":0,"footnotes":""},"categories":[159],"tags":[152,186,188,189,190,191,192,193,46,48,49,50,68,94,95,129],"class_list":["post-1260","post","type-post","status-publish","format-standard","hentry","category-boliwia","tag-boliwia","tag-sucre","tag-chataquila","tag-chaunaka","tag-cordillera-de-los-frailes","tag-droga-inkow","tag-maragua","tag-najniebezpieczniejsza-droga","tag-ediem","tag-foto","tag-fotografie","tag-photo","tag-photography","tag-edyta","tag-edyta-moczulska","tag-wojciech-wojcik"],"_links":{"self":[{"href":"https:\/\/www.wojtekwojcik.com\/en\/wp-json\/wp\/v2\/posts\/1260","targetHints":{"allow":["GET"]}}],"collection":[{"href":"https:\/\/www.wojtekwojcik.com\/en\/wp-json\/wp\/v2\/posts"}],"about":[{"href":"https:\/\/www.wojtekwojcik.com\/en\/wp-json\/wp\/v2\/types\/post"}],"author":[{"embeddable":true,"href":"https:\/\/www.wojtekwojcik.com\/en\/wp-json\/wp\/v2\/users\/1"}],"replies":[{"embeddable":true,"href":"https:\/\/www.wojtekwojcik.com\/en\/wp-json\/wp\/v2\/comments?post=1260"}],"version-history":[{"count":0,"href":"https:\/\/www.wojtekwojcik.com\/en\/wp-json\/wp\/v2\/posts\/1260\/revisions"}],"wp:attachment":[{"href":"https:\/\/www.wojtekwojcik.com\/en\/wp-json\/wp\/v2\/media?parent=1260"}],"wp:term":[{"taxonomy":"category","embeddable":true,"href":"https:\/\/www.wojtekwojcik.com\/en\/wp-json\/wp\/v2\/categories?post=1260"},{"taxonomy":"post_tag","embeddable":true,"href":"https:\/\/www.wojtekwojcik.com\/en\/wp-json\/wp\/v2\/tags?post=1260"}],"curies":[{"name":"wp","href":"https:\/\/api.w.org\/{rel}","templated":true}]}}